{"id":254,"date":"2020-05-15T17:55:55","date_gmt":"2020-05-15T15:55:55","guid":{"rendered":"http:\/\/www.vs-damtschach.at\/?p=254"},"modified":"2020-09-06T10:47:56","modified_gmt":"2020-09-06T08:47:56","slug":"willkommen-dobrodosli","status":"publish","type":"post","link":"https:\/\/www.vs-damtschach.at\/?p=254","title":{"rendered":"Schulsportg\u00fctesiegel"},"content":{"rendered":"\n<p>Aufgrund der vielf\u00e4ltigen sportlichen Aktivit\u00e4ten und Angebote wurde unserer Schule abermals das Schulsport G\u00fctesiegel verliehen. Die \u00dcbergabe erfolgte durch den Landeshauptmann Dr. Peter Kaiser am 16. Juni im Rahmen einer Festveranstaltung im Spiegelsaal der K\u00e4rntner Landesregierung. Wir sind stolz auf unsere bewegungsfreudigen Kinder.<\/p>\n\n\n\n<p>Ponovno je na\u0161a \u0161ola dobila odlikovanje za posebne ponudbe in aktivnosti v okviru \u0161olskega \u0161porta. Ponosni smo, da se na\u0161e u\u010denke in u\u010denci tako radi gibajo in vedno spet uspe\u0161no sodelujejo pri razli\u010dnih tekmovanjih.<\/p>\n\n\n\n<div class=\"wp-block-image\"><figure class=\"aligncenter size-large\"><img loading=\"lazy\" decoding=\"async\" width=\"724\" height=\"1024\" src=\"https:\/\/www.vs-damtschach.at\/wp-content\/uploads\/2020\/06\/SKM_C300i20061810491-724x1024.jpg\" alt=\"\" class=\"wp-image-381\" srcset=\"https:\/\/www.vs-damtschach.at\/wp-content\/uploads\/2020\/06\/SKM_C300i20061810491-724x1024.jpg 724w, https:\/\/www.vs-damtschach.at\/wp-content\/uploads\/2020\/06\/SKM_C300i20061810491-212x300.jpg 212w, https:\/\/www.vs-damtschach.at\/wp-content\/uploads\/2020\/06\/SKM_C300i20061810491-768x1086.jpg 768w, https:\/\/www.vs-damtschach.at\/wp-content\/uploads\/2020\/06\/SKM_C300i20061810491-1087x1536.jpg 1087w, https:\/\/www.vs-damtschach.at\/wp-content\/uploads\/2020\/06\/SKM_C300i20061810491-696x984.jpg 696w, https:\/\/www.vs-damtschach.at\/wp-content\/uploads\/2020\/06\/SKM_C300i20061810491-1068x1510.jpg 1068w, https:\/\/www.vs-damtschach.at\/wp-content\/uploads\/2020\/06\/SKM_C300i20061810491-297x420.jpg 297w, https:\/\/www.vs-damtschach.at\/wp-content\/uploads\/2020\/06\/SKM_C300i20061810491.jpg 1240w\" sizes=\"(max-width: 724px) 100vw, 724px\" \/><\/figure><\/div>\n","protected":false},"excerpt":{"rendered":"<p>Aufgrund der vielf\u00e4ltigen sportlichen Aktivit\u00e4ten und Angebote wurde unserer Schule abermals das Schulsport G\u00fctesiegel verliehen. Die \u00dcbergabe erfolgte durch den Landeshauptmann Dr. Peter Kaiser am 16. Juni im Rahmen einer Festveranstaltung im Spiegelsaal der K\u00e4rntner Landesregierung. Wir sind stolz auf unsere bewegungsfreudigen Kinder. Ponovno je na\u0161a \u0161ola dobila odlikovanje za posebne ponudbe in aktivnosti v [&hellip;]<\/p>\n","protected":false},"author":3,"featured_media":383,"comment_status":"open","ping_status":"open","sticky":false,"template":"","format":"standard","meta":{"footnotes":""},"categories":[1],"tags":[],"_links":{"self":[{"href":"https:\/\/www.vs-damtschach.at\/index.php?rest_route=\/wp\/v2\/posts\/254"}],"collection":[{"href":"https:\/\/www.vs-damtschach.at\/index.php?rest_route=\/wp\/v2\/posts"}],"about":[{"href":"https:\/\/www.vs-damtschach.at\/index.php?rest_route=\/wp\/v2\/types\/post"}],"author":[{"embeddable":true,"href":"https:\/\/www.vs-damtschach.at\/index.php?rest_route=\/wp\/v2\/users\/3"}],"replies":[{"embeddable":true,"href":"https:\/\/www.vs-damtschach.at\/index.php?rest_route=%2Fwp%2Fv2%2Fcomments&post=254"}],"version-history":[{"count":2,"href":"https:\/\/www.vs-damtschach.at\/index.php?rest_route=\/wp\/v2\/posts\/254\/revisions"}],"predecessor-version":[{"id":382,"href":"https:\/\/www.vs-damtschach.at\/index.php?rest_route=\/wp\/v2\/posts\/254\/revisions\/382"}],"wp:featuredmedia":[{"embeddable":true,"href":"https:\/\/www.vs-damtschach.at\/index.php?rest_route=\/wp\/v2\/media\/383"}],"wp:attachment":[{"href":"https:\/\/www.vs-damtschach.at\/index.php?rest_route=%2Fwp%2Fv2%2Fmedia&parent=254"}],"wp:term":[{"taxonomy":"category","embeddable":true,"href":"https:\/\/www.vs-damtschach.at\/index.php?rest_route=%2Fwp%2Fv2%2Fcategories&post=254"},{"taxonomy":"post_tag","embeddable":true,"href":"https:\/\/www.vs-damtschach.at\/index.php?rest_route=%2Fwp%2Fv2%2Ftags&post=254"}],"curies":[{"name":"wp","href":"https:\/\/api.w.org\/{rel}","templated":true}]}}