{"id":3631,"date":"2026-01-19T15:21:13","date_gmt":"2026-01-19T14:21:13","guid":{"rendered":"https:\/\/www.vs-damtschach.at\/?p=3631"},"modified":"2026-02-08T20:06:27","modified_gmt":"2026-02-08T19:06:27","slug":"gratischitag-brezplacni-smucarski-dan","status":"publish","type":"post","link":"https:\/\/www.vs-damtschach.at\/?p=3631","title":{"rendered":"Gratisschitag | brezpla\u010dni smu\u010darski dan"},"content":{"rendered":"\n<p>Sch\u00fcler ab auf die Piste &#8211; Gratisskitag f\u00fcr Volksschulen,&nbsp;so lautete die Aktion der Fachgruppe der Seilbahnen der Wirtschaftskammer K\u00e4rnten. Im Rahmen dieser Aktionswoche nahmen wir am 16. J\u00e4nner mit den Schil\u00e4uferInnen der 4. Klassen die Einladung an und verbrachten einen sehr sch\u00f6nen Schitag auf der Gerlitzen.&nbsp;<\/p>\n\n\n\n<p>S smu\u010darji \u010detrtih razredov smo se v petek, 16. januarja podali na Osoj\u0161\u010dico in tam pre\u017eiveli lep smu\u010darski dan.<\/p>\n\n\n\n<figure class=\"wp-block-gallery has-nested-images columns-default is-cropped wp-block-gallery-1 is-layout-flex wp-block-gallery-is-layout-flex\">\n<figure class=\"wp-block-image size-large\"><img loading=\"lazy\" decoding=\"async\" width=\"1024\" height=\"768\" data-id=\"3666\" src=\"https:\/\/www.vs-damtschach.at\/wp-content\/uploads\/2026\/01\/20260116_084423074_iOS-1024x768.jpg\" alt=\"\" class=\"wp-image-3666\" srcset=\"https:\/\/www.vs-damtschach.at\/wp-content\/uploads\/2026\/01\/20260116_084423074_iOS-1024x768.jpg 1024w, https:\/\/www.vs-damtschach.at\/wp-content\/uploads\/2026\/01\/20260116_084423074_iOS-300x225.jpg 300w, https:\/\/www.vs-damtschach.at\/wp-content\/uploads\/2026\/01\/20260116_084423074_iOS-768x576.jpg 768w, https:\/\/www.vs-damtschach.at\/wp-content\/uploads\/2026\/01\/20260116_084423074_iOS-1536x1152.jpg 1536w, https:\/\/www.vs-damtschach.at\/wp-content\/uploads\/2026\/01\/20260116_084423074_iOS-2048x1536.jpg 2048w, https:\/\/www.vs-damtschach.at\/wp-content\/uploads\/2026\/01\/20260116_084423074_iOS-696x522.jpg 696w, https:\/\/www.vs-damtschach.at\/wp-content\/uploads\/2026\/01\/20260116_084423074_iOS-1068x801.jpg 1068w, https:\/\/www.vs-damtschach.at\/wp-content\/uploads\/2026\/01\/20260116_084423074_iOS-560x420.jpg 560w, https:\/\/www.vs-damtschach.at\/wp-content\/uploads\/2026\/01\/20260116_084423074_iOS-80x60.jpg 80w, https:\/\/www.vs-damtschach.at\/wp-content\/uploads\/2026\/01\/20260116_084423074_iOS-265x198.jpg 265w\" sizes=\"(max-width: 1024px) 100vw, 1024px\" \/><\/figure>\n\n\n\n<figure class=\"wp-block-image size-large\"><img loading=\"lazy\" decoding=\"async\" width=\"768\" height=\"1024\" data-id=\"3669\" src=\"https:\/\/www.vs-damtschach.at\/wp-content\/uploads\/2026\/01\/Neu-768x1024.jpg\" alt=\"\" class=\"wp-image-3669\" srcset=\"https:\/\/www.vs-damtschach.at\/wp-content\/uploads\/2026\/01\/Neu-768x1024.jpg 768w, https:\/\/www.vs-damtschach.at\/wp-content\/uploads\/2026\/01\/Neu-225x300.jpg 225w, https:\/\/www.vs-damtschach.at\/wp-content\/uploads\/2026\/01\/Neu-1152x1536.jpg 1152w, https:\/\/www.vs-damtschach.at\/wp-content\/uploads\/2026\/01\/Neu-1536x2048.jpg 1536w, https:\/\/www.vs-damtschach.at\/wp-content\/uploads\/2026\/01\/Neu-696x928.jpg 696w, https:\/\/www.vs-damtschach.at\/wp-content\/uploads\/2026\/01\/Neu-1068x1424.jpg 1068w, https:\/\/www.vs-damtschach.at\/wp-content\/uploads\/2026\/01\/Neu-315x420.jpg 315w, https:\/\/www.vs-damtschach.at\/wp-content\/uploads\/2026\/01\/Neu-scaled.jpg 1920w\" sizes=\"(max-width: 768px) 100vw, 768px\" \/><\/figure>\n\n\n\n<figure class=\"wp-block-image size-large\"><img loading=\"lazy\" decoding=\"async\" width=\"768\" height=\"1024\" data-id=\"3670\" src=\"https:\/\/www.vs-damtschach.at\/wp-content\/uploads\/2026\/01\/Neu1-1-768x1024.jpg\" alt=\"\" class=\"wp-image-3670\" srcset=\"https:\/\/www.vs-damtschach.at\/wp-content\/uploads\/2026\/01\/Neu1-1-768x1024.jpg 768w, https:\/\/www.vs-damtschach.at\/wp-content\/uploads\/2026\/01\/Neu1-1-225x300.jpg 225w, https:\/\/www.vs-damtschach.at\/wp-content\/uploads\/2026\/01\/Neu1-1-1152x1536.jpg 1152w, https:\/\/www.vs-damtschach.at\/wp-content\/uploads\/2026\/01\/Neu1-1-1536x2048.jpg 1536w, https:\/\/www.vs-damtschach.at\/wp-content\/uploads\/2026\/01\/Neu1-1-696x928.jpg 696w, https:\/\/www.vs-damtschach.at\/wp-content\/uploads\/2026\/01\/Neu1-1-1068x1424.jpg 1068w, https:\/\/www.vs-damtschach.at\/wp-content\/uploads\/2026\/01\/Neu1-1-315x420.jpg 315w, https:\/\/www.vs-damtschach.at\/wp-content\/uploads\/2026\/01\/Neu1-1-scaled.jpg 1920w\" sizes=\"(max-width: 768px) 100vw, 768px\" \/><\/figure>\n\n\n\n<figure class=\"wp-block-image size-large\"><img loading=\"lazy\" decoding=\"async\" width=\"1024\" height=\"768\" data-id=\"3671\" src=\"https:\/\/www.vs-damtschach.at\/wp-content\/uploads\/2026\/01\/Neu2-1-1024x768.jpg\" alt=\"\" class=\"wp-image-3671\" srcset=\"https:\/\/www.vs-damtschach.at\/wp-content\/uploads\/2026\/01\/Neu2-1-1024x768.jpg 1024w, https:\/\/www.vs-damtschach.at\/wp-content\/uploads\/2026\/01\/Neu2-1-300x225.jpg 300w, https:\/\/www.vs-damtschach.at\/wp-content\/uploads\/2026\/01\/Neu2-1-768x576.jpg 768w, https:\/\/www.vs-damtschach.at\/wp-content\/uploads\/2026\/01\/Neu2-1-1536x1152.jpg 1536w, https:\/\/www.vs-damtschach.at\/wp-content\/uploads\/2026\/01\/Neu2-1-2048x1536.jpg 2048w, https:\/\/www.vs-damtschach.at\/wp-content\/uploads\/2026\/01\/Neu2-1-696x522.jpg 696w, https:\/\/www.vs-damtschach.at\/wp-content\/uploads\/2026\/01\/Neu2-1-1068x801.jpg 1068w, https:\/\/www.vs-damtschach.at\/wp-content\/uploads\/2026\/01\/Neu2-1-560x420.jpg 560w, https:\/\/www.vs-damtschach.at\/wp-content\/uploads\/2026\/01\/Neu2-1-80x60.jpg 80w, https:\/\/www.vs-damtschach.at\/wp-content\/uploads\/2026\/01\/Neu2-1-265x198.jpg 265w\" sizes=\"(max-width: 1024px) 100vw, 1024px\" \/><\/figure>\n<\/figure>\n","protected":false},"excerpt":{"rendered":"<p>Sch\u00fcler ab auf die Piste &#8211; Gratisskitag f\u00fcr Volksschulen,&nbsp;so lautete die Aktion der Fachgruppe der Seilbahnen der Wirtschaftskammer K\u00e4rnten. Im Rahmen dieser Aktionswoche nahmen wir am 16. J\u00e4nner mit den Schil\u00e4uferInnen der 4. Klassen die Einladung an und verbrachten einen sehr sch\u00f6nen Schitag auf der Gerlitzen.&nbsp; S smu\u010darji \u010detrtih razredov smo se v petek, 16. [&hellip;]<\/p>\n","protected":false},"author":4,"featured_media":3668,"comment_status":"open","ping_status":"open","sticky":false,"template":"","format":"standard","meta":{"footnotes":""},"categories":[1,19,15,2,21,18],"tags":[],"_links":{"self":[{"href":"https:\/\/www.vs-damtschach.at\/index.php?rest_route=\/wp\/v2\/posts\/3631"}],"collection":[{"href":"https:\/\/www.vs-damtschach.at\/index.php?rest_route=\/wp\/v2\/posts"}],"about":[{"href":"https:\/\/www.vs-damtschach.at\/index.php?rest_route=\/wp\/v2\/types\/post"}],"author":[{"embeddable":true,"href":"https:\/\/www.vs-damtschach.at\/index.php?rest_route=\/wp\/v2\/users\/4"}],"replies":[{"embeddable":true,"href":"https:\/\/www.vs-damtschach.at\/index.php?rest_route=%2Fwp%2Fv2%2Fcomments&post=3631"}],"version-history":[{"count":3,"href":"https:\/\/www.vs-damtschach.at\/index.php?rest_route=\/wp\/v2\/posts\/3631\/revisions"}],"predecessor-version":[{"id":3673,"href":"https:\/\/www.vs-damtschach.at\/index.php?rest_route=\/wp\/v2\/posts\/3631\/revisions\/3673"}],"wp:featuredmedia":[{"embeddable":true,"href":"https:\/\/www.vs-damtschach.at\/index.php?rest_route=\/wp\/v2\/media\/3668"}],"wp:attachment":[{"href":"https:\/\/www.vs-damtschach.at\/index.php?rest_route=%2Fwp%2Fv2%2Fmedia&parent=3631"}],"wp:term":[{"taxonomy":"category","embeddable":true,"href":"https:\/\/www.vs-damtschach.at\/index.php?rest_route=%2Fwp%2Fv2%2Fcategories&post=3631"},{"taxonomy":"post_tag","embeddable":true,"href":"https:\/\/www.vs-damtschach.at\/index.php?rest_route=%2Fwp%2Fv2%2Ftags&post=3631"}],"curies":[{"name":"wp","href":"https:\/\/api.w.org\/{rel}","templated":true}]}}