{"id":784,"date":"2021-05-25T20:48:08","date_gmt":"2021-05-25T18:48:08","guid":{"rendered":"https:\/\/www.vs-damtschach.at\/?p=784"},"modified":"2022-03-21T15:28:05","modified_gmt":"2022-03-21T14:28:05","slug":"es-duftet-so-herrlich-nach-frischen-kraeutern-novi-krajtlhi-v-gartlnu","status":"publish","type":"post","link":"https:\/\/www.vs-damtschach.at\/?p=784","title":{"rendered":"Es duftet so herrlich nach frischen Kr\u00e4utern | Novi krajtlhi v gartlnu"},"content":{"rendered":"\n<div class=\"wp-block-columns is-layout-flex wp-container-core-columns-layout-1 wp-block-columns-is-layout-flex\">\n<div class=\"wp-block-column is-layout-flow wp-block-column-is-layout-flow\" style=\"flex-basis:100%\">\n<div class=\"wp-block-group\"><div class=\"wp-block-group__inner-container is-layout-flow wp-block-group-is-layout-flow\">\n<figure class=\"wp-block-image size-large is-resized\"><img loading=\"lazy\" decoding=\"async\" src=\"https:\/\/www.vs-damtschach.at\/wp-content\/uploads\/2021\/05\/20210511_064246125_iOS-768x1024.jpg\" alt=\"\" class=\"wp-image-785\" width=\"379\" height=\"506\" srcset=\"https:\/\/www.vs-damtschach.at\/wp-content\/uploads\/2021\/05\/20210511_064246125_iOS-768x1024.jpg 768w, https:\/\/www.vs-damtschach.at\/wp-content\/uploads\/2021\/05\/20210511_064246125_iOS-225x300.jpg 225w, https:\/\/www.vs-damtschach.at\/wp-content\/uploads\/2021\/05\/20210511_064246125_iOS-1152x1536.jpg 1152w, https:\/\/www.vs-damtschach.at\/wp-content\/uploads\/2021\/05\/20210511_064246125_iOS-1536x2048.jpg 1536w, https:\/\/www.vs-damtschach.at\/wp-content\/uploads\/2021\/05\/20210511_064246125_iOS-696x928.jpg 696w, https:\/\/www.vs-damtschach.at\/wp-content\/uploads\/2021\/05\/20210511_064246125_iOS-1068x1424.jpg 1068w, https:\/\/www.vs-damtschach.at\/wp-content\/uploads\/2021\/05\/20210511_064246125_iOS-315x420.jpg 315w, https:\/\/www.vs-damtschach.at\/wp-content\/uploads\/2021\/05\/20210511_064246125_iOS-scaled.jpg 1920w\" sizes=\"(max-width: 379px) 100vw, 379px\" \/><\/figure>\n\n\n\n<p>Die Kinder lernen mit allen Sinnen verschiedene Kr\u00e4uter kennen &#8211; es werden die Besonderheiten besprochen, daran gerochen und nat\u00fcrlich auch gekostet!<\/p>\n\n\n\n<figure class=\"wp-block-image size-large is-resized\"><img loading=\"lazy\" decoding=\"async\" src=\"https:\/\/www.vs-damtschach.at\/wp-content\/uploads\/2021\/05\/Bildschirmfoto-2021-05-25-um-20.20.34.png\" alt=\"\" class=\"wp-image-787\" width=\"561\" height=\"374\" srcset=\"https:\/\/www.vs-damtschach.at\/wp-content\/uploads\/2021\/05\/Bildschirmfoto-2021-05-25-um-20.20.34.png 640w, https:\/\/www.vs-damtschach.at\/wp-content\/uploads\/2021\/05\/Bildschirmfoto-2021-05-25-um-20.20.34-300x200.png 300w, https:\/\/www.vs-damtschach.at\/wp-content\/uploads\/2021\/05\/Bildschirmfoto-2021-05-25-um-20.20.34-630x420.png 630w\" sizes=\"(max-width: 561px) 100vw, 561px\" \/><\/figure>\n\n\n\n<p><\/p>\n<\/div><\/div>\n\n\n\n<p>Ein recht herzliches Dankesch\u00f6n dem Gem\u00fcsehof Lassnig f\u00fcr die vielen Kr\u00e4uter. Die Kinder pflanzten sie in unser Hochbeet, wo sie pr\u00e4chtig gedeihen! Wir freuen uns schon auf ein leckeres Schnittlauchbrot! Najlep\u0161a hvala Gem\u0161sehof Lassnig za vsa vrtna zeli\u0161\u010da!<\/p>\n<\/div>\n<\/div>\n","protected":false},"excerpt":{"rendered":"<p>Die Kinder lernen mit allen Sinnen verschiedene Kr\u00e4uter kennen &#8211; es werden die Besonderheiten besprochen, daran gerochen und nat\u00fcrlich auch gekostet! Ein recht herzliches Dankesch\u00f6n dem Gem\u00fcsehof Lassnig f\u00fcr die vielen Kr\u00e4uter. Die Kinder pflanzten sie in unser Hochbeet, wo sie pr\u00e4chtig gedeihen! Wir freuen uns schon auf ein leckeres Schnittlauchbrot! Najlep\u0161a hvala Gem\u0161sehof Lassnig [&hellip;]<\/p>\n","protected":false},"author":4,"featured_media":786,"comment_status":"open","ping_status":"open","sticky":false,"template":"","format":"standard","meta":{"footnotes":""},"categories":[1,19],"tags":[],"_links":{"self":[{"href":"https:\/\/www.vs-damtschach.at\/index.php?rest_route=\/wp\/v2\/posts\/784"}],"collection":[{"href":"https:\/\/www.vs-damtschach.at\/index.php?rest_route=\/wp\/v2\/posts"}],"about":[{"href":"https:\/\/www.vs-damtschach.at\/index.php?rest_route=\/wp\/v2\/types\/post"}],"author":[{"embeddable":true,"href":"https:\/\/www.vs-damtschach.at\/index.php?rest_route=\/wp\/v2\/users\/4"}],"replies":[{"embeddable":true,"href":"https:\/\/www.vs-damtschach.at\/index.php?rest_route=%2Fwp%2Fv2%2Fcomments&post=784"}],"version-history":[{"count":3,"href":"https:\/\/www.vs-damtschach.at\/index.php?rest_route=\/wp\/v2\/posts\/784\/revisions"}],"predecessor-version":[{"id":935,"href":"https:\/\/www.vs-damtschach.at\/index.php?rest_route=\/wp\/v2\/posts\/784\/revisions\/935"}],"wp:featuredmedia":[{"embeddable":true,"href":"https:\/\/www.vs-damtschach.at\/index.php?rest_route=\/wp\/v2\/media\/786"}],"wp:attachment":[{"href":"https:\/\/www.vs-damtschach.at\/index.php?rest_route=%2Fwp%2Fv2%2Fmedia&parent=784"}],"wp:term":[{"taxonomy":"category","embeddable":true,"href":"https:\/\/www.vs-damtschach.at\/index.php?rest_route=%2Fwp%2Fv2%2Fcategories&post=784"},{"taxonomy":"post_tag","embeddable":true,"href":"https:\/\/www.vs-damtschach.at\/index.php?rest_route=%2Fwp%2Fv2%2Ftags&post=784"}],"curies":[{"name":"wp","href":"https:\/\/api.w.org\/{rel}","templated":true}]}}